{"id":106,"date":"2012-10-14T20:09:53","date_gmt":"2012-10-14T19:09:53","guid":{"rendered":"http:\/\/dramaindanimarca.it\/?p=106"},"modified":"2012-10-14T20:09:53","modified_gmt":"2012-10-14T19:09:53","slug":"non-e-questione-di-cellule","status":"publish","type":"post","link":"https:\/\/dramaindanimarca.it\/?p=106","title":{"rendered":"non \u00e8 questione di cellule"},"content":{"rendered":"<p>in ogni lettore multimediale o telefono o apparecchio che possa riprodurre musica io tengo sempre una copia di \u201cio, tu, noi tutti\u201d. Le tengo sempre con me perch\u00e9 ho sempre paura di poterti dimenticare, di sentirmi in colpa perch\u00e9 magari per due giorni non ti ho pensata, come quando rifletto sul fatto che non sento babbo da pi\u00f9 di qualche giorno. la tengo sempre con me per sentire sopratutto \u201cquestione di cellule\u201d. \u00e8 la prima che ascolto ogni volta che metto su questo disco. \u00e8 quella che mi fa piangere di pi\u00f9 quando ti ricordo. perch\u00e9 comincia con \u201cprobabilmente mio pap\u00e0, insieme a mia mamma, chi lo sa, desideravano non me ma un altro bambino\u201d. forse inconsciamente penso avrebbero voluto un figlio diverso, qualcuno pi\u00f9 importante, pi\u00f9 realizzato, con una vita pi\u00f9 stabile, senza questo continuo vorticare nel cervello. Qui parte di solito la mia auto-analisi in cui in reale giudico me stesso e dall\u2019altra parte non c\u2019\u00e8 nessuno a criticarmi. Come dice il mio amico Tony, questo procedimento (forse pi\u00f9 propriamente \u201cprocesso\u201d), vede sempre e soltanto una persona nel ruolo del giudice ed una sola persona nel ruolo della giuria e sempre la stessa persona nel ruolo dell\u2019imputato. Sempre e soltanto me stesso, in tutte e tre le parti, prontissimo a demolirmi. E la cosa ancora pi\u00f9 stressante \u00e8 il non sapere come venire fuori da questo meccanismo. E sempre forte ritorna il ricordo di mia madre, che immagino in piedi per casa, sola, che mette questo disco con le sue mani un po\u2019 incerte. Sempre dubbiosa delle sue possibilit\u00e0 mia madre. Ed il disco che risuona in casa, mentre mio babbo \u00e8 a lavoro ed i miei fratelli a scuola, e lei che si accarezza la pancia mentre aspetta questo bambino che 36 anni dopo le avrebbe baciato la fronte fredda, nella sua bara. Ed ogni dannata volta mi viene da piangere.<\/p>\n","protected":false},"excerpt":{"rendered":"<p>in ogni lettore multimediale o telefono o apparecchio che possa riprodurre musica io tengo sempre una copia di \u201cio, tu, noi tutti\u201d. Le tengo sempre con me perch\u00e9 ho sempre paura di poterti dimenticare, di sentirmi in colpa perch\u00e9 magari per due giorni non ti ho pensata, come quando rifletto sul fatto che non sento [&hellip;]<\/p>\n","protected":false},"author":2,"featured_media":0,"comment_status":"open","ping_status":"open","sticky":false,"template":"","format":"standard","meta":{"ngg_post_thumbnail":0,"jetpack_post_was_ever_published":false,"footnotes":"","jetpack_publicize_message":"","jetpack_is_tweetstorm":false,"jetpack_publicize_feature_enabled":true,"jetpack_social_options":[]},"categories":[23,9,24],"tags":[],"class_list":["post-106","post","type-post","status-publish","format-standard","hentry","category-mamma","category-vita-vera","category-whining"],"jetpack_publicize_connections":[],"jetpack_featured_media_url":"","jetpack_sharing_enabled":true,"jetpack_shortlink":"https:\/\/wp.me\/paAnsJ-1I","_links":{"self":[{"href":"https:\/\/dramaindanimarca.it\/index.php?rest_route=\/wp\/v2\/posts\/106","targetHints":{"allow":["GET"]}}],"collection":[{"href":"https:\/\/dramaindanimarca.it\/index.php?rest_route=\/wp\/v2\/posts"}],"about":[{"href":"https:\/\/dramaindanimarca.it\/index.php?rest_route=\/wp\/v2\/types\/post"}],"author":[{"embeddable":true,"href":"https:\/\/dramaindanimarca.it\/index.php?rest_route=\/wp\/v2\/users\/2"}],"replies":[{"embeddable":true,"href":"https:\/\/dramaindanimarca.it\/index.php?rest_route=%2Fwp%2Fv2%2Fcomments&post=106"}],"version-history":[{"count":2,"href":"https:\/\/dramaindanimarca.it\/index.php?rest_route=\/wp\/v2\/posts\/106\/revisions"}],"predecessor-version":[{"id":108,"href":"https:\/\/dramaindanimarca.it\/index.php?rest_route=\/wp\/v2\/posts\/106\/revisions\/108"}],"wp:attachment":[{"href":"https:\/\/dramaindanimarca.it\/index.php?rest_route=%2Fwp%2Fv2%2Fmedia&parent=106"}],"wp:term":[{"taxonomy":"category","embeddable":true,"href":"https:\/\/dramaindanimarca.it\/index.php?rest_route=%2Fwp%2Fv2%2Fcategories&post=106"},{"taxonomy":"post_tag","embeddable":true,"href":"https:\/\/dramaindanimarca.it\/index.php?rest_route=%2Fwp%2Fv2%2Ftags&post=106"}],"curies":[{"name":"wp","href":"https:\/\/api.w.org\/{rel}","templated":true}]}}